{"id":24029,"date":"2023-09-05T12:02:48","date_gmt":"2023-09-05T10:02:48","guid":{"rendered":"https:\/\/geopark-hblo.de\/?p=24029"},"modified":"2023-09-05T12:08:09","modified_gmt":"2023-09-05T10:08:09","slug":"30-jahre-tag-des-offenen-denkmals-einladung-zum-tag-des-offenen-denkmals-in-hornburgs-denkmaelern","status":"publish","type":"post","link":"https:\/\/geopark-hblo.de\/de\/2023\/09\/05\/30-jahre-tag-des-offenen-denkmals-einladung-zum-tag-des-offenen-denkmals-in-hornburgs-denkmaelern\/","title":{"rendered":"30 Jahre Tag des offenen Denkmals &#8211; Einladung zum Tag des offenen Denkmals in Hornburgs Denkm\u00e4lern"},"content":{"rendered":"\n<p><strong>mit unterhaltsamen und interessanten G\u00e4stef\u00fchrungen<\/strong><\/p>\n\n\n\n<p>Anl\u00e4sslich des Denkmaltages \u00f6ffnen ausgew\u00e4hlte Hornburger Denkm\u00e4ler am 10.09.2023 ihre Pforten. Von 12.00 Uhr bis 17.00 Uhr k\u00f6nnen interessierte Besucher Einblicke in die historischen Geb\u00e4ude der Stadt nehmen und sich von deren Besitzern oder ehrenamtlichen Mitarbeitern \u00fcber die Geschichte und heutige Nutzung aufkl\u00e4ren.<\/p>\n\n\n\n<p>Was vor 30 Jahren mit einigen Einzelevents verstreut in ganz Deutschland begonnen hat, ist inzwischen zu einer gro\u00dfen Kulturveranstaltung herangewachsen. Bundesweit werden seit nunmehr 30 Jahren Denkmale, koordiniert von der Deutsche Stiftung Denkmalschutz, einer breiten \u00d6ffentlichkeit pr\u00e4sentiert. Nun feiert der Denkmalstag in diesem Jahr unter dem Motto \u201eTalent Monument\u201c Geburtstag.<\/p>\n\n\n\n<p>Zwei Highlights an diesem Tag sind u.a. der frisch sanierte historische Hopfenspeicher in der Dammstra\u00dfe sowie das Wohnhaus im Unterpfarrwinkel. Im gro\u00dfen Hopfenspeicher wird das Deutsche Fachwerkzentrum Quedlinburg e.V. F\u00fchrungen und Erl\u00e4uterungen zum sanierten Fachwerk geben. Um 15.00 Uhr haben dann interessierte Besucher letztmalig die M\u00f6glichkeit, die Fotoausstellung \u201eHornburg bei Nacht\u201c des Fotografen Detelf Bluhm zu bestaunen. Durch die Ausstellung f\u00fchrt Prof. Dr. Edmund Brandt.<\/p>\n\n\n\n<p>Das Wohnhaus in der ehemaligen Unterpfarre wurde 1618 zeitgleich mit der Hornburger Marienkirche f\u00fcr den Pfarrer Andreas Corvinus erbaut. Das dreigeschossige Haus mit Torgeb\u00e4ude zeugt heute vom damaligen Reichtum der Stadt. Nach dem Erwerb der jetzigen Eigent\u00fcmer im Jahre 2018 ist das Haus in enger Zusammenarbeit mit der Unteren Denkmalschutzbeh\u00f6rde umfangreich restauriert worden und ist ein \u201eHingucker\u201c f\u00fcr jeden Fachwerkliebhaber. Die Besitzer f\u00fchren an diesem Tag ab 14.00 Uhr zur jeder vollen Stunde durch das Untergeschoss des Wohnhauses und geben Auskunft \u00fcber ihr Denkmal.<\/p>\n\n\n\n<p>Das Amt f\u00fcr Tourismus der Gemeinde Schladen-Werla bietet in diesen Zusammenhang um 13.30 Uhr, 14.30 Uhr und 15.30 Uhr die kostenlose und verk\u00fcrzte Themenf\u00fchrung zum Denkmal Unterpfarre an. Diese beginnt jeweils immer an der Tourist-Information. G\u00e4stef\u00fchrer Dr. Thomas Dahms f\u00fchrt als Pfarrer Andreas Corvinus die Besucher vorbei an der Lateinschule zum Wohnhaus ehemalige Unterpfarre. Auf dem Weg dorthin berichtet er von Hornburgs gro\u00dfer Zeit und seinem Verm\u00e4chtnis an die Stadt.<\/p>\n\n\n\n<p>Die Marienkirche, welche 1616 erbaut wurde und als bedeutendes Kunstwerk der Sp\u00e4trenaissance z\u00e4hlt, hat am Tag des offenen Denkmals von 12.00 bis 17.00 Uhr ge\u00f6ffnet. In der Galerie des Heimatmuseums wird ab 14.00 Uhr die Bilderausstellung der Malerin Susanne Ullrich zu sehen sein.<\/p>\n\n\n\n<p>Wir w\u00fcnschen viel Spa\u00df.<\/p>\n","protected":false},"excerpt":{"rendered":"<p class=\"excerpt\">mit unterhaltsamen und interessanten G\u00e4stef\u00fchrungen Anl\u00e4sslich des Denkmaltages \u00f6ffnen ausgew\u00e4hlte Hornburger Denkm\u00e4ler am 10.09.2023 ihre Pforten. Von 12.00 Uhr bis 17.00 Uhr k\u00f6nnen interessierte Besucher Einblicke in die historischen Geb\u00e4ude der Stadt nehmen und sich von deren Besitzern oder ehrenamtlichen Mitarbeitern \u00fcber die Geschichte und heutige Nutzung aufkl\u00e4ren. Was vor 30 Jahren mit einigen Einzelevents [&hellip;]<\/p>\n","protected":false},"author":2,"featured_media":24030,"comment_status":"open","ping_status":"closed","sticky":false,"template":"","format":"standard","meta":{"footnotes":"","_links_to":"","_links_to_target":""},"categories":[1,372],"tags":[],"class_list":["post-24029","post","type-post","status-publish","format-standard","has-post-thumbnail","hentry","category-unkategorisiert","category-veranstaltung"],"_links":{"self":[{"href":"https:\/\/geopark-hblo.de\/de\/wp-json\/wp\/v2\/posts\/24029","targetHints":{"allow":["GET"]}}],"collection":[{"href":"https:\/\/geopark-hblo.de\/de\/wp-json\/wp\/v2\/posts"}],"about":[{"href":"https:\/\/geopark-hblo.de\/de\/wp-json\/wp\/v2\/types\/post"}],"author":[{"embeddable":true,"href":"https:\/\/geopark-hblo.de\/de\/wp-json\/wp\/v2\/users\/2"}],"replies":[{"embeddable":true,"href":"https:\/\/geopark-hblo.de\/de\/wp-json\/wp\/v2\/comments?post=24029"}],"version-history":[{"count":1,"href":"https:\/\/geopark-hblo.de\/de\/wp-json\/wp\/v2\/posts\/24029\/revisions"}],"predecessor-version":[{"id":24038,"href":"https:\/\/geopark-hblo.de\/de\/wp-json\/wp\/v2\/posts\/24029\/revisions\/24038"}],"wp:featuredmedia":[{"embeddable":true,"href":"https:\/\/geopark-hblo.de\/de\/wp-json\/wp\/v2\/media\/24030"}],"wp:attachment":[{"href":"https:\/\/geopark-hblo.de\/de\/wp-json\/wp\/v2\/media?parent=24029"}],"wp:term":[{"taxonomy":"category","embeddable":true,"href":"https:\/\/geopark-hblo.de\/de\/wp-json\/wp\/v2\/categories?post=24029"},{"taxonomy":"post_tag","embeddable":true,"href":"https:\/\/geopark-hblo.de\/de\/wp-json\/wp\/v2\/tags?post=24029"}],"curies":[{"name":"wp","href":"https:\/\/api.w.org\/{rel}","templated":true}]}}