{"id":11214,"date":"2021-03-19T11:22:21","date_gmt":"2021-03-19T10:22:21","guid":{"rendered":"https:\/\/geopark-hblo.de\/?p=11214"},"modified":"2021-03-19T11:22:21","modified_gmt":"2021-03-19T10:22:21","slug":"internationaler-tag-des-waldes","status":"publish","type":"post","link":"https:\/\/geopark-hblo.de\/de\/2021\/03\/19\/internationaler-tag-des-waldes\/","title":{"rendered":"Internationaler Tag des Waldes"},"content":{"rendered":"\n<p>50 Jahre ist es her, dass der \u201eInternationale Tag des Waldes\u201c ins Leben gerufen wurde. 2012 wurde er von den Vereinten Nationen zum offiziellen Aktions- und Thementag ernannt.<br>Der Wald sollte nat\u00fcrlich nicht nur an diesem Tag eine Rolle in unserer Gesellschaft spielen. Seine Wichtigkeit, Gef\u00e4hrdung und Zukunft sollten auch an jedem anderen Tag im Jahr thematisiert werden. Wer sich mehr \u00fcber den \u201eInternationalen Tag des Waldes\u201cs informieren m\u00f6chte, findet <strong><a href=\"https:\/\/tag-des-waldes.de\/\" target=\"_blank\" rel=\"noreferrer noopener\">hier<\/a><\/strong> interessante Beitr\u00e4ge zu Waldfakten, Waldschutz, Nachhaltigkeit und vieles mehr!<\/p>\n","protected":false},"excerpt":{"rendered":"<p class=\"excerpt\">50 Jahre ist es her, dass der \u201eInternationale Tag des Waldes\u201c ins Leben gerufen wurde. 2012 wurde er von den Vereinten Nationen zum offiziellen Aktions- und Thementag ernannt.Der Wald sollte nat\u00fcrlich nicht nur an diesem Tag eine Rolle in unserer Gesellschaft spielen. Seine Wichtigkeit, Gef\u00e4hrdung und Zukunft sollten auch an jedem anderen Tag im Jahr [&hellip;]<\/p>\n","protected":false},"author":2,"featured_media":11205,"comment_status":"open","ping_status":"closed","sticky":false,"template":"","format":"standard","meta":{"footnotes":"","_links_to":"","_links_to_target":""},"categories":[2],"tags":[],"class_list":["post-11214","post","type-post","status-publish","format-standard","has-post-thumbnail","hentry","category-aktuelles"],"_links":{"self":[{"href":"https:\/\/geopark-hblo.de\/de\/wp-json\/wp\/v2\/posts\/11214","targetHints":{"allow":["GET"]}}],"collection":[{"href":"https:\/\/geopark-hblo.de\/de\/wp-json\/wp\/v2\/posts"}],"about":[{"href":"https:\/\/geopark-hblo.de\/de\/wp-json\/wp\/v2\/types\/post"}],"author":[{"embeddable":true,"href":"https:\/\/geopark-hblo.de\/de\/wp-json\/wp\/v2\/users\/2"}],"replies":[{"embeddable":true,"href":"https:\/\/geopark-hblo.de\/de\/wp-json\/wp\/v2\/comments?post=11214"}],"version-history":[{"count":1,"href":"https:\/\/geopark-hblo.de\/de\/wp-json\/wp\/v2\/posts\/11214\/revisions"}],"predecessor-version":[{"id":11215,"href":"https:\/\/geopark-hblo.de\/de\/wp-json\/wp\/v2\/posts\/11214\/revisions\/11215"}],"wp:featuredmedia":[{"embeddable":true,"href":"https:\/\/geopark-hblo.de\/de\/wp-json\/wp\/v2\/media\/11205"}],"wp:attachment":[{"href":"https:\/\/geopark-hblo.de\/de\/wp-json\/wp\/v2\/media?parent=11214"}],"wp:term":[{"taxonomy":"category","embeddable":true,"href":"https:\/\/geopark-hblo.de\/de\/wp-json\/wp\/v2\/categories?post=11214"},{"taxonomy":"post_tag","embeddable":true,"href":"https:\/\/geopark-hblo.de\/de\/wp-json\/wp\/v2\/tags?post=11214"}],"curies":[{"name":"wp","href":"https:\/\/api.w.org\/{rel}","templated":true}]}}